{"id":571,"date":"2019-10-12T15:23:23","date_gmt":"2019-10-12T12:23:23","guid":{"rendered":"http:\/\/www.mudanyagazeteciler.org\/?p=571"},"modified":"2021-02-15T05:26:08","modified_gmt":"2021-02-15T02:26:08","slug":"internet-gazeteciligi-yasasi-geliyor","status":"publish","type":"post","link":"https:\/\/www.mudanyagazeteciler.org\/?p=571","title":{"rendered":"\u0130NTERNET GAZETEC\u0130L\u0130\u011e\u0130 YASASI GEL\u0130YOR"},"content":{"rendered":"\n<p>\u0130nternet haber sitelerinin Bas\u0131n Kanunu kapsam\u0131na al\u0131nmas\u0131n\u0131 \u00f6ng\u00f6ren kanun tasar\u0131s\u0131, TBMM Adalet Komisyonu\u2019nda kabul edildi.<\/p>\n\n\n\n<p>Adalet Komisyonu, AKP Ankara Milletvekili Ahmet \u0130yimaya ba\u015fkanl\u0131\u011f\u0131nda toplanarak, Bas\u0131n Kanunu ve Baz\u0131 Kanunlarda De\u011fi\u015fiklik Yap\u0131lmas\u0131na Dair Kanun Tasar\u0131s\u0131\u2019n\u0131 ele ald\u0131.<\/p>\n\n\n\n<p><strong>\u0130NTERNET ORTAMINDAK\u0130 RESM\u0130 \u0130LANLAR BASIN \u0130LAN KURUMU ARACILI\u011eI \u0130LE YAYINLANACAK<\/strong><\/p>\n\n\n\n<p>Komisyonda kabul edilen tasar\u0131ya g\u00f6re, internet ortam\u0131ndaki resmi ilanlar, Bas\u0131n \u0130lan Kurumu arac\u0131l\u0131\u011f\u0131 ile yay\u0131nlanacak. \u0130nternet ortam\u0131nda yay\u0131nlanan resmi ilan ve reklamlar\u0131n tespiti ve takibinde, Bas\u0131n-\u0130lan Kurumu ile Bilgi Teknolojileri ve \u0130leti\u015fim Kurumu i\u015f birli\u011fi i\u00e7inde \u00e7al\u0131\u015facak.<\/p>\n\n\n\n<p>Kamu t\u00fczel ki\u015filiklerine ait resmi internet sitelerinde yay\u0131nlanacak ilan ve reklamlara ili\u015fkin \u00f6zel kanun h\u00fck\u00fcmleri sakl\u0131 olacak.<\/p>\n\n\n\n<p><strong>\u0130NTERNET HABER S\u0130TELER\u0130 5187 SAYILI BASIN KANUNU\u2019NUN KAPSAMINA DAH\u0130L ED\u0130L\u0130YOR<\/strong><\/p>\n\n\n\n<p>Bas\u0131n Mesle\u011finde \u00c7al\u0131\u015fanlarla \u00c7al\u0131\u015ft\u0131ranlar Aras\u0131ndaki M\u00fcnasebetlerin Tanzimi Hakk\u0131ndaki Kanun\u2019ndaki haber ve foto\u011fraf ajanslar\u0131 ibaresine internet haber siteleri de eklenerek, internet haber sitelerinin \u00e7al\u0131\u015fanlar\u0131 da ayn\u0131 kapsama al\u0131n\u0131yor. Ayr\u0131ca \u0130nternet haber siteleri 5187 say\u0131l\u0131 Bas\u0131n Kanunu\u2019nun kapsam\u0131na dahil ediliyor.<\/p>\n\n\n\n<p>Tasar\u0131 ile internet haber sitelerinin Bas\u0131n Kanunu\u2019nun kapsam\u0131na al\u0131nmas\u0131na paralel olarak s\u00fcreli yay\u0131n tan\u0131m\u0131na internet haber siteleri de ekleniyor ve internet haber sitesinin tan\u0131m\u0131, \u201cinternet ortam\u0131nda haber ya da yorum niteli\u011finde yaz\u0131l\u0131, g\u00f6rsel veya i\u015fitsel i\u00e7eriklerin sunumunu yapan s\u00fcreli yay\u0131n\u201d olarak belirleniyor.<\/p>\n\n\n\n<p>\u0130nternet haber sitelerine sahibinin, varsa temsilcisinin veya sorumlu m\u00fcd\u00fcr\u00fcn\u00fcn adlar\u0131, adresleri, haber sitesinin faaliyet g\u00f6sterdi\u011fi i\u015fyeri adresi ile yer sa\u011flay\u0131c\u0131n\u0131n ad\u0131, adresi ve ticari unvan\u0131, kendilerine ait internet ortam\u0131nda kullan\u0131c\u0131lar\u0131n ana sayfadan do\u011frudan ula\u015fabilece\u011fi \u015fekilde ve ileti\u015fim ba\u015fl\u0131\u011f\u0131 alt\u0131nda bulundurma zorunlulu\u011fu getiriliyor. \u0130nternet haber sitelerinde bir i\u00e7eri\u011fin internette ilk kez sunulmaya ba\u015fland\u0131\u011f\u0131 tarih, her eri\u015fildi\u011finde de\u011fi\u015fmeyecek \u015fekilde i\u00e7eri\u011fin \u00fczerinde belirtilecek.<\/p>\n\n\n\n<p>\u0130nternet ortam\u0131nda yay\u0131nlar\u0131n\u0131 s\u00fcrd\u00fcren internet haber siteleri, beyanname vermeleri halinde, 5651 say\u0131l\u0131 \u0130nternet Ortam\u0131nda Yap\u0131lan Yay\u0131nlar\u0131n D\u00fczenlenmesi ve Bu Yay\u0131nlar Yoluyla \u0130\u015flenen Su\u00e7larla M\u00fccadele Edilmesi Hakk\u0131nda Kanundaki y\u00fck\u00fcml\u00fcl\u00fckleri devam etmek kayd\u0131yla faaliyetlerini Bas\u0131n Kanunu \u00e7er\u00e7evesinde y\u00fcr\u00fctecek.<\/p>\n\n\n\n<p>\u0130nternet haber siteleri, gazete ve dergi gibi s\u00fcreli yay\u0131nlara Bas\u0131n Kanunu\u2019na g\u00f6re belirtilen beyanname y\u00fck\u00fcml\u00fcl\u00fc\u011f\u00fcn\u00fc gere\u011fi gibi yerine getirmemeleri halinde uygulanan yay\u0131n durdurma cezas\u0131na tabi olmayacak.<\/p>\n\n\n\n<p>Beyanname vermeyen internet haber sitelerinin, Cumhuriyet Ba\u015fsavc\u0131s\u0131n\u0131n talebi \u00fczerine Asliye Hukuk Mahkemesi taraf\u0131ndan internet haber sitesi vasf\u0131n\u0131n kaybedildi\u011fine karar verilecek.<\/p>\n\n\n\n<p><strong>\u0130\u00c7ER\u0130KLER 6 AY MUHAFAZA ED\u0130LECEK<\/strong><\/p>\n\n\n\n<p>\u0130nternet haber siteleri yay\u0131nlad\u0131klar\u0131 i\u00e7erikleri, do\u011frulu\u011fu ve b\u00fct\u00fcnl\u00fc\u011f\u00fc sa\u011flanm\u0131\u015f \u015fekilde 6 ay s\u00fcreyle muhafaza edecek ve gerekti\u011finde, talep eden yetkili mercilere teslim edilmesi zorunda olacak.<\/p>\n\n\n\n<p>Yay\u0131n\u0131n herhangi bir \u015fekilde soru\u015fturma ya da kovu\u015fturma konusu yap\u0131lmas\u0131 halinde, bu i\u015flemlerin sonu\u00e7land\u0131\u011f\u0131n\u0131n yetkili mercilere, ilgili internet haber sitesine yaz\u0131l\u0131 olarak bildirilmesine kadar soru\u015fturma ya da kovu\u015fturma konusu yay\u0131n kayd\u0131n\u0131n saklanmas\u0131 zorunlu olacak.<\/p>\n\n\n\n<p>\u0130nternet haber sitesi sorumlu m\u00fcd\u00fcr\u00fc, d\u00fczeltme ve cevab\u0131, kullan\u0131c\u0131lar\u0131n ana sayfadan do\u011frudan ula\u015fabilece\u011fi \u015fekilde ve tekzip ba\u015fl\u0131\u011f\u0131 alt\u0131nda bir hafta s\u00fcreyle yay\u0131nlayacak.<\/p>\n\n\n\n<p>\u0130nternet haber siteleri, d\u00fczeltme ve cevap yaz\u0131s\u0131n\u0131n yay\u0131nlanmamas\u0131 halinde, hakim, masraflar yay\u0131n sahibi taraf\u0131ndan kar\u015f\u0131lanmak \u00fczere bu yaz\u0131n\u0131n iki internet haber sitesinde yay\u0131nlanmas\u0131na karar verebilecek.<\/p>\n","protected":false},"excerpt":{"rendered":"<p>\u0130nternet haber sitelerinin Bas\u0131n Kanunu kapsam\u0131na al\u0131nmas\u0131n\u0131 \u00f6ng\u00f6ren kanun tasar\u0131s\u0131, TBMM Adalet Komisyonu\u2019nda kabul edildi. Adalet Komisyonu, AKP Ankara Milletvekili Ahmet \u0130yimaya ba\u015fkanl\u0131\u011f\u0131nda toplanarak, Bas\u0131n Kanunu ve Baz\u0131 Kanunlarda De\u011fi\u015fiklik Yap\u0131lmas\u0131na Dair Kanun Tasar\u0131s\u0131\u2019n\u0131 ele ald\u0131. \u0130NTERNET ORTAMINDAK\u0130 RESM\u0130 \u0130LANLAR BASIN \u0130LAN KURUMU ARACILI\u011eI \u0130LE YAYINLANACAK Komisyonda kabul edilen tasar\u0131ya g\u00f6re, internet ortam\u0131ndaki resmi ilanlar, [&hellip;]<\/p>\n","protected":false},"author":1,"featured_media":0,"comment_status":"open","ping_status":"open","sticky":false,"template":"","format":"standard","meta":{"_jetpack_memberships_contains_paid_content":false,"footnotes":"","jetpack_publicize_message":"","jetpack_publicize_feature_enabled":true,"jetpack_social_post_already_shared":true,"jetpack_social_options":{"image_generator_settings":{"template":"highway","default_image_id":0,"font":"","enabled":false},"version":2}},"categories":[1],"tags":[],"class_list":["post-571","post","type-post","status-publish","format-standard","hentry","category-genel"],"jetpack_publicize_connections":[],"jetpack_featured_media_url":"","jetpack_sharing_enabled":true,"_links":{"self":[{"href":"https:\/\/www.mudanyagazeteciler.org\/index.php?rest_route=\/wp\/v2\/posts\/571","targetHints":{"allow":["GET"]}}],"collection":[{"href":"https:\/\/www.mudanyagazeteciler.org\/index.php?rest_route=\/wp\/v2\/posts"}],"about":[{"href":"https:\/\/www.mudanyagazeteciler.org\/index.php?rest_route=\/wp\/v2\/types\/post"}],"author":[{"embeddable":true,"href":"https:\/\/www.mudanyagazeteciler.org\/index.php?rest_route=\/wp\/v2\/users\/1"}],"replies":[{"embeddable":true,"href":"https:\/\/www.mudanyagazeteciler.org\/index.php?rest_route=%2Fwp%2Fv2%2Fcomments&post=571"}],"version-history":[{"count":2,"href":"https:\/\/www.mudanyagazeteciler.org\/index.php?rest_route=\/wp\/v2\/posts\/571\/revisions"}],"predecessor-version":[{"id":573,"href":"https:\/\/www.mudanyagazeteciler.org\/index.php?rest_route=\/wp\/v2\/posts\/571\/revisions\/573"}],"wp:attachment":[{"href":"https:\/\/www.mudanyagazeteciler.org\/index.php?rest_route=%2Fwp%2Fv2%2Fmedia&parent=571"}],"wp:term":[{"taxonomy":"category","embeddable":true,"href":"https:\/\/www.mudanyagazeteciler.org\/index.php?rest_route=%2Fwp%2Fv2%2Fcategories&post=571"},{"taxonomy":"post_tag","embeddable":true,"href":"https:\/\/www.mudanyagazeteciler.org\/index.php?rest_route=%2Fwp%2Fv2%2Ftags&post=571"}],"curies":[{"name":"wp","href":"https:\/\/api.w.org\/{rel}","templated":true}]}}