{"id":530,"date":"2018-12-14T10:34:33","date_gmt":"2018-12-14T07:34:33","guid":{"rendered":"http:\/\/www.mudanyagazeteciler.org\/?p=530"},"modified":"2018-12-14T11:15:59","modified_gmt":"2018-12-14T08:15:59","slug":"yeni-basin-karti-yonetmeligi-yayimlandi","status":"publish","type":"post","link":"https:\/\/www.mudanyagazeteciler.org\/?p=530","title":{"rendered":"YEN\u0130 BASIN KARTI Y\u00d6NETMEL\u0130\u011e\u0130 YAYIMLANDI"},"content":{"rendered":"<p>\u0130leti\u015fim Ba\u015fkanl\u0131\u011f\u0131 Te\u015fkilat\u0131 Hakk\u0131nda Cumhurba\u015fkanl\u0131\u011f\u0131 Kararnamesiyle Bas\u0131n Kart\u0131 Y\u00f6netmeli\u011fi Resmi Gazete\u2019de yay\u0131mland\u0131.<\/p>\n<p>Cumhurba\u015fkan\u0131 Recep Tayyip Erdo\u011fan imzas\u0131yla yay\u0131mlanan y\u00f6netmeli\u011fe g\u00f6re, bas\u0131n kart\u0131 verilecek ki\u015filerde aranan \u015fartlar \u015f\u00f6yle belirlendi:<\/p>\n<p>\u201c18 ya\u015f\u0131n\u0131 bitirmi\u015f olmak, en az lise veya dengi bir e\u011fitim kurumundan mezun olmak, k\u0131s\u0131tl\u0131 veya kamu hizmetlerinden yasakl\u0131 olmamak.<\/p>\n<p>T\u00fcrk Ceza Kanununda belirtilen s\u00fcreler ge\u00e7mi\u015f olsa bile; kasten i\u015flenen bir su\u00e7tan dolay\u0131 5 y\u0131l veya daha fazla s\u00fcreyle hapis cezas\u0131na ya da \u015fantaj, h\u0131rs\u0131zl\u0131k, sahtecilik, doland\u0131r\u0131c\u0131l\u0131k, g\u00fcveni k\u00f6t\u00fcye kullanma, yalan tan\u0131kl\u0131k, yalan yere yemin, iftira, su\u00e7 uydurma, m\u00fcstehcenlik, fuhu\u015f, hileli iflas, zimmet, irtik\u00e2p, r\u00fc\u015fvet, ka\u00e7ak\u00e7\u0131l\u0131k, ihaleye fesat kar\u0131\u015ft\u0131rma, edimin ifas\u0131na fesat kar\u0131\u015ft\u0131rma su\u00e7lar\u0131 ve cinsel dokunulmazl\u0131\u011fa kar\u015f\u0131 su\u00e7lar ile bu su\u00e7lar\u0131n \u00f6zel kanunlardaki kar\u015f\u0131l\u0131klar\u0131ndan h\u00fck\u00fcm giymemi\u015f olmak.<\/p>\n<p>Ter\u00f6rle M\u00fccadele Kanununda say\u0131lan ter\u00f6r su\u00e7lar\u0131 ile ter\u00f6r amac\u0131 ile i\u015flenen su\u00e7lardan h\u00fck\u00fcm giymemi\u015f olmak.<\/p>\n<p>5237 say\u0131l\u0131 Kanunun 213, 214, 215, 216 ve 217\u2019nci maddelerinde say\u0131lan su\u00e7lar ile Anayasal d\u00fczene ve bu d\u00fczenin i\u015fleyi\u015fine kar\u015f\u0131 su\u00e7lar, milli savunmaya kar\u015f\u0131 su\u00e7lar ile devlet s\u0131rlar\u0131na kar\u015f\u0131 su\u00e7lar ve casusluk su\u00e7lar\u0131ndan h\u00fck\u00fcm giymemi\u015f olmak.<\/p>\n<p>5187 say\u0131l\u0131 Kanunun 25\u2019inci maddesinin ikinci f\u0131kras\u0131nda yer alan su\u00e7lardan veya bu su\u00e7lara tahrik ve te\u015fvikten h\u00fck\u00fcm giymemi\u015f olmak.<\/p>\n<p>5953 say\u0131l\u0131 Kanun h\u00fck\u00fcmlerine uygun s\u00f6zle\u015fme yapm\u0131\u015f ve sigorta primlerinin \u00e7al\u0131\u015fma mevzuat\u0131 esaslar\u0131na uygun olarak yat\u0131r\u0131lm\u0131\u015f olmak.<\/p>\n<p>Gazetecilik faaliyeti d\u0131\u015f\u0131nda ticari, s\u0131nai veya zirai faaliyette bulunmamak.\u201d<\/p>\n<p><strong><img loading=\"lazy\" decoding=\"async\" class=\"size-medium wp-image-533 alignleft\" src=\"http:\/\/www.mudanyagazeteciler.org\/wp-content\/uploads\/2018\/12\/basin-yonetmelik-1-462x300.jpg\" alt=\"\" width=\"462\" height=\"300\" srcset=\"https:\/\/www.mudanyagazeteciler.org\/wp-content\/uploads\/2018\/12\/basin-yonetmelik-1-462x300.jpg 462w, https:\/\/www.mudanyagazeteciler.org\/wp-content\/uploads\/2018\/12\/basin-yonetmelik-1-768x499.jpg 768w, https:\/\/www.mudanyagazeteciler.org\/wp-content\/uploads\/2018\/12\/basin-yonetmelik-1.jpg 1000w\" sizes=\"auto, (max-width: 462px) 100vw, 462px\" \/>Bas\u0131n kart\u0131 verilebilecek gazete ve dergilerde aranan \u015fartlar<\/strong><\/p>\n<p>Sahip veya t\u00fczel ki\u015fi temsilcisi ile \u00e7al\u0131\u015fanlar\u0131na bas\u0131n kart\u0131 verilebilecek gazete ve dergilerde aranan \u015fartlar \u015f\u00f6yle belirlendi:<\/p>\n<p>\u201c5187 say\u0131l\u0131 Kanun gere\u011fince verilmi\u015f beyannamede se\u00e7ilen yay\u0131n t\u00fcr\u00fcn\u00fcn, 4 \u00fcnc\u00fc maddede belirtilen tan\u0131ma uygun olmak.<\/p>\n<p>\u0130lan, reklam, ayn\u0131 mahiyetteki resim ve benzeri haz\u0131r kal\u0131plar\u0131n ve yan bo\u015fluklar toplam alan\u0131n\u0131n y\u00fcz\u00f6l\u00e7\u00fcm\u00fc 1,12 metrekareden az olmayan s\u00fcreli yay\u0131nlarda bu y\u00fcz\u00f6l\u00e7\u00fcm\u00fcn\u00fcn yar\u0131s\u0131n\u0131, y\u00fcz\u00f6l\u00e7\u00fcm\u00fc daha az olanlarda ise y\u00fcz\u00f6l\u00e7\u00fcm\u00fcn\u00fcn \u00fc\u00e7te birini ge\u00e7memesi ve her sayfan\u0131n yeniden dizilip tertiplenmi\u015f olarak bas\u0131lmak.<\/p>\n<p>S\u00f6zle\u015fmeye ba\u011flanm\u0131\u015f, telif veya abonelik \u00fccreti \u00f6denmi\u015f, ki\u015fi veya ajanslara ait her t\u00fcrl\u00fc yaz\u0131, haber, resim gibi malzemelerin d\u0131\u015f\u0131nda sayfa d\u00fczeni, ba\u015fl\u0131\u011f\u0131 ve metinlerinin \u00fc\u00e7te birinden fazlas\u0131n\u0131n di\u011fer bir yay\u0131ndan aynen al\u0131nt\u0131 olmamak.<\/p>\n<p>Abonelik yoluyla veya telif \u00fccreti \u00f6denmek suretiyle al\u0131nt\u0131 yap\u0131lm\u0131\u015fsa al\u0131nt\u0131n\u0131n hangi yay\u0131ndan yap\u0131ld\u0131\u011f\u0131n\u0131 g\u00f6stermek.<\/p>\n<p>Kanuni nedenler veya belgelendirilebilen tabii afetler d\u0131\u015f\u0131nda, 5187 say\u0131l\u0131 Kanun gere\u011fi verilen beyannamede belirtilen aral\u0131klarla d\u00fczenli yay\u0131mlamak.<\/p>\n<p>Prova tezg\u00e2h\u0131, teksir, fotokopi makinesi veya yaz\u0131c\u0131yla \u00e7o\u011falt\u0131lmam\u0131\u015f olmak.<\/p>\n<p>Y\u00fcz\u00f6l\u00e7\u00fcm\u00fc 2,25 metrekarenin \u00fczerinde olanlar ve yay\u0131n alan\u0131n\u0131n birden fazla yerle\u015fim yerine sirayet etmesinden dolay\u0131 birka\u00e7 yerde bask\u0131 yapanlar hari\u00e7, yay\u0131n yerlerindeki matbaalarda bas\u0131lmak.<\/p>\n<p>Zorunlu olarak herkesin g\u00f6rebilece\u011fi veya girebilece\u011fi yerlerde rayi\u00e7 bedel kar\u015f\u0131l\u0131\u011f\u0131nda sat\u0131\u015fa arz\u0131n\u0131 yapmak.\u201d<\/p>\n<p><strong>Bas\u0131n kart\u0131 verilebilecek haber ve foto\u011fraf ajanslar\u0131nda aranan \u015fartlar<\/strong><\/p>\n<p>Sahip veya t\u00fczel ki\u015fi temsilcisi ile \u00e7al\u0131\u015fanlar\u0131na bas\u0131n kart\u0131 verilebilecek haber ve foto\u011fraf ajanslar\u0131nda aranan \u015fartlar, \u201c\u00dcrettikleri yay\u0131nlar\u0131n kanuni nedenler veya belgelendirilebilen tabii afetler d\u0131\u015f\u0131nda, 5187 say\u0131l\u0131 Kanun gere\u011fi verilen beyannamede belirtilen aral\u0131klarla, d\u00fczenli yay\u0131mlanmas\u0131 veya elektronik ortamda iletilmesi.<\/p>\n<p>\u00c7al\u0131\u015fmalar\u0131n\u0131n her say\u0131s\u0131ndan birer adedinin, en ge\u00e7 yay\u0131m\u0131 takip eden be\u015f g\u00fcn i\u00e7inde yay\u0131m\u0131n yap\u0131ld\u0131\u011f\u0131 ta\u015fra te\u015fkilat\u0131ndaki m\u00fcd\u00fcrl\u00fc\u011fe, ta\u015fra te\u015fkilat\u0131 bulunmayan illerde Ba\u015fkanl\u0131k\u00e7a belirlenen m\u00fcd\u00fcrl\u00fc\u011fe, Ankara\u2019da ise Ba\u015fkanl\u0131\u011fa g\u00f6nderilmesi, ayr\u0131ca elektronik ortamda Ba\u015fkanl\u0131\u011fa iletilmesi.<\/p>\n<p>Kadrosunda, daha \u00f6nce bas\u0131n kart\u0131 ta\u015f\u0131m\u0131\u015f olan ve 5953 say\u0131l\u0131 Kanun kapsam\u0131nda \u00e7al\u0131\u015fan en az be\u015f gazetecinin bulunmas\u0131.<\/p>\n<p>Toplam g\u00fcnl\u00fck tiraj\u0131 elli binden az olmayan bas\u0131n-yay\u0131n kurulu\u015fu veya yayg\u0131n ya da b\u00f6lgesel nitelikte bir bas\u0131n-yay\u0131n kurulu\u015fu ile \u00fccretli haber sat\u0131\u015f s\u00f6zle\u015fmesi yapm\u0131\u015f olmas\u0131 zorunludur.\u201d olarak belirlendi.<\/p>\n<p><strong>Bas\u0131n kart\u0131 ba\u015fvurusu<\/strong><\/p>\n<p>Y\u00f6netmelikle Bas\u0131n kart\u0131 ba\u015fvurusu, Ba\u015fkanl\u0131\u011f\u0131n internet sitesinde yer alan elektronik bas\u0131n kart\u0131 beyannamesi doldurularak yap\u0131lacak.<\/p>\n<p>Ba\u015fvurularda beyan esas olup ba\u015fvuru sahibinden istenecek bilgi ve belgeler hakk\u0131nda 19\/6\/2009 tarihli ve 2009\/15169 say\u0131l\u0131 Bakanlar Kurulu Karar\u0131yla y\u00fcr\u00fcrl\u00fc\u011fe konulan Kamu Hizmetlerinin Sunumunda Uyulacak Usul ve Esaslara \u0130li\u015fkin Y\u00f6netmeli\u011fin 8 inci maddesi esas al\u0131nacak.<\/p>\n<p>Elektronik ortamda doldurulan beyannamenin \u00e7\u0131kt\u0131s\u0131, bas\u0131n-yay\u0131n kurulu\u015flar\u0131n\u0131n sahipleri veya ticaret sicilinde kay\u0131tl\u0131 yetkili ki\u015filerce onaylanacak. Ancak, Ba\u015fkanl\u0131k taraf\u0131ndan olu\u015fturulacak sisteme giri\u015f i\u00e7in \u015fifre alan ve bu sistemi kullanmak i\u00e7in Ba\u015fkanl\u0131k taraf\u0131ndan belirlenecek \u015fartlar\u0131 yerine getiren bas\u0131n-yay\u0131n kurulu\u015flar\u0131n\u0131n beyanname onaylar\u0131 elektronik ortamda yap\u0131lacak.<\/p>\n<p>Elektronik ortamda yap\u0131lan ba\u015fvurulara ili\u015fkin i\u015flemler, Ankara\u2019da ikamet ediliyor ise Ba\u015fkanl\u0131k, ta\u015fra te\u015fkilat\u0131 bulunan illerde ikamet ediliyor ise ilgili m\u00fcd\u00fcrl\u00fck, ta\u015fra te\u015fkilat\u0131 bulunmayan illerde ikamet ediliyor ise Ba\u015fkanl\u0131k\u00e7a belirlenen m\u00fcd\u00fcrl\u00fck taraf\u0131ndan elektronik ortamda y\u00fcr\u00fct\u00fclecek.<\/p>\n<p><strong>Bekleme s\u00fcreleri<\/strong><\/p>\n<p>Y\u00f6netmelikle bas\u0131n kart\u0131 bekleme s\u00fcreleri de belirlendi. \u0130lk defa bas\u0131n kart\u0131 talebinde bulunanlar\u0131n bekleme s\u00fcresi, bas\u0131n kart\u0131 ba\u015fvurusunu elektronik ortamda usul\u00fcne uygun olarak tamamlad\u0131klar\u0131 tarihten itibaren ba\u015flayacak.<\/p>\n<p>Gazeteciler i\u00e7in bekleme s\u00fcresi; meslekle ilgili bir lisans veya lisans\u00fcst\u00fc program\u0131ndan mezun olanlar i\u00e7in 6, di\u011fer lisans veya meslekle ilgili bir \u00f6n lisans program\u0131ndan mezun olanlar i\u00e7in 9, di\u011fer \u00f6n lisans mezunlar\u0131 i\u00e7in 12 ve lise mezunlar\u0131 i\u00e7in 18 ay oldu.<\/p>\n<p>Bas\u0131n-yay\u0131n kurulu\u015fu sahipleri veya t\u00fczel ki\u015fi temsilcileri ile y\u00f6netim kurulu ba\u015fkanlar\u0131 i\u00e7in bekleme s\u00fcresi 12 ay oldu.<\/p>\n<p>Ba\u015fvuru sahipleri, bekleme s\u00fcresinin bitimine bir ay kala bas\u0131n kart\u0131 ba\u015fvurusunu yenilemek zorunda olacak.<\/p>\n<p>Bas\u0131n kart\u0131 almak i\u00e7in ba\u015fvuran ki\u015filerin durumu, bekleme s\u00fcresinin bitimini takip eden ilk Komisyon toplant\u0131s\u0131nda de\u011ferlendirilecek.<\/p>\n<p>Askerlikte ge\u00e7en s\u00fcre bekleme s\u00fcresinden say\u0131lmayacak.<\/p>\n<p>Yabanc\u0131 uyruklu bas\u0131n mensubu s\u0131fat\u0131yla bas\u0131n kart\u0131 ta\u015f\u0131m\u0131\u015f olan gazetecilerden T\u00fcrk vatanda\u015fl\u0131\u011f\u0131na ge\u00e7enlerin yabanc\u0131 uyruklu olarak bas\u0131n kart\u0131 ta\u015f\u0131d\u0131klar\u0131 s\u00fcreler bekleme s\u00fcresinden say\u0131lacak.<\/p>\n<p>Ba\u015fvuru sahiplerine bekleme s\u00fcreleri ile ilgili yaz\u0131l\u0131 bildirimde bulunulmayacak. Ancak, bekleme s\u00fcrelerinin elektronik ortamda sorgulanmas\u0131 i\u00e7in gerekli teknik imk\u00e2n sa\u011flanacak.<\/p>\n<p>Bekleme s\u00fcresi devam ederken meslekten ayr\u0131lan gazetecilerin bekleme s\u00fcresi duracak. Duran bekleme s\u00fcresi, bunlar\u0131n mesle\u011fe geri d\u00f6nmeleri halinde, yeniden bas\u0131n kart\u0131 ba\u015fvurusunda bulunduklar\u0131 tarihten itibaren i\u015flemeye devam edecek.<\/p>\n<p>Bas\u0131n-yay\u0131n kurulu\u015fu sahibi, t\u00fczel ki\u015fi temsilcisi veya y\u00f6netim kurulu ba\u015fkan\u0131 unvan\u0131yla bekleme s\u00fcresi devam edenlerin, meslekten ayr\u0131lmalar\u0131 halinde bekleme s\u00fcresi duracak. Duran bekleme s\u00fcresi, bu ki\u015filerin sahip ya da fikir i\u015f\u00e7isi olarak mesle\u011fe geri d\u00f6nmeleri halinde, yeniden bas\u0131n kart\u0131 ba\u015fvurusunda bulunduklar\u0131 tarihten itibaren i\u015flemeye devam edecek.<\/p>\n<p>Bekleme s\u00fcresi aranmayan hallerde, Ba\u015fkanl\u0131\u011f\u0131n takdiri ile bas\u0131n kart\u0131 d\u00fczenlenebilecek.<\/p>\n<p><strong>\u0130lk inceleme ve bilgi isteme<\/strong><\/p>\n<p>Ba\u015fkanl\u0131k, bas\u0131n kart\u0131 i\u00e7in ba\u015fvuruda bulunanlar hakk\u0131nda, bas\u0131n- yay\u0131n meslek kurulu\u015flar\u0131ndan, valiliklerden, Adli Sicil ve \u0130statistik Genel M\u00fcd\u00fcrl\u00fc\u011f\u00fcnden, ilgili ta\u015fra te\u015fkilatlar\u0131ndan, vergi dairelerinden, Sosyal G\u00fcvenlik Kurumu Ba\u015fkanl\u0131\u011f\u0131ndan, N\u00fcfus ve Vatanda\u015fl\u0131k \u0130\u015fleri Genel M\u00fcd\u00fcrl\u00fc\u011f\u00fcnden, Bas\u0131n \u0130lan Kurumundan veya gerekli g\u00f6rd\u00fc\u011f\u00fc di\u011fer kurulu\u015flardan bilgi ve belge isteyebilecek.<\/p>\n<p>Toplanan bilgi ve belgelerden, aranan \u015fartlar\u0131 ta\u015f\u0131mad\u0131\u011f\u0131 Ba\u015fkanl\u0131k\u00e7a tespit edilenlerin talepleri reddedilecek. Engel durumun ortadan kalkmas\u0131 halinde, yeniden ba\u015fvuru yap\u0131labilecek.<\/p>\n<p>Ba\u015fkanl\u0131k\u00e7a yap\u0131lan de\u011ferlendirme sonucu, usul\u00fcne uygun ba\u015fvuruda bulunmu\u015f ve bas\u0131n kart\u0131 almas\u0131na engel bir durumu olmad\u0131\u011f\u0131 tespit edilmi\u015f ki\u015filere ait bilgi, belge, beyanname ve eklerini i\u00e7eren dosya Komisyona intikal ettirilecek.<\/p>\n<h2>Bas\u0131n Kart\u0131 Y\u00f6netmeli\u011finin tamam\u0131na eri\u015fmek i\u00e7in&nbsp;<a href=\"http:\/\/www.resmigazete.gov.tr\/eskiler\/2018\/12\/20181214-10.pdf\" target=\"_blank\" rel=\"noopener\">TIKLAYINIZ &gt;&gt;&gt;<\/a><\/h2>\n","protected":false},"excerpt":{"rendered":"<p>\u0130leti\u015fim Ba\u015fkanl\u0131\u011f\u0131 Te\u015fkilat\u0131 Hakk\u0131nda Cumhurba\u015fkanl\u0131\u011f\u0131 Kararnamesiyle Bas\u0131n Kart\u0131 Y\u00f6netmeli\u011fi Resmi Gazete\u2019de yay\u0131mland\u0131. Cumhurba\u015fkan\u0131 Recep Tayyip Erdo\u011fan imzas\u0131yla yay\u0131mlanan y\u00f6netmeli\u011fe g\u00f6re, bas\u0131n kart\u0131 verilecek ki\u015filerde aranan \u015fartlar \u015f\u00f6yle belirlendi: \u201c18 ya\u015f\u0131n\u0131 bitirmi\u015f olmak, en az lise veya dengi bir e\u011fitim kurumundan mezun olmak, k\u0131s\u0131tl\u0131 veya kamu hizmetlerinden yasakl\u0131 olmamak. T\u00fcrk Ceza Kanununda belirtilen s\u00fcreler ge\u00e7mi\u015f olsa [&hellip;]<\/p>\n","protected":false},"author":1,"featured_media":0,"comment_status":"open","ping_status":"open","sticky":false,"template":"","format":"standard","meta":{"_jetpack_memberships_contains_paid_content":false,"footnotes":"","jetpack_publicize_message":"","jetpack_publicize_feature_enabled":true,"jetpack_social_post_already_shared":false,"jetpack_social_options":{"image_generator_settings":{"template":"highway","default_image_id":0,"font":"","enabled":false},"version":2}},"categories":[7,10],"tags":[],"class_list":["post-530","post","type-post","status-publish","format-standard","hentry","category-duyuru","category-basvuru"],"jetpack_publicize_connections":[],"jetpack_featured_media_url":"","jetpack_sharing_enabled":true,"_links":{"self":[{"href":"https:\/\/www.mudanyagazeteciler.org\/index.php?rest_route=\/wp\/v2\/posts\/530","targetHints":{"allow":["GET"]}}],"collection":[{"href":"https:\/\/www.mudanyagazeteciler.org\/index.php?rest_route=\/wp\/v2\/posts"}],"about":[{"href":"https:\/\/www.mudanyagazeteciler.org\/index.php?rest_route=\/wp\/v2\/types\/post"}],"author":[{"embeddable":true,"href":"https:\/\/www.mudanyagazeteciler.org\/index.php?rest_route=\/wp\/v2\/users\/1"}],"replies":[{"embeddable":true,"href":"https:\/\/www.mudanyagazeteciler.org\/index.php?rest_route=%2Fwp%2Fv2%2Fcomments&post=530"}],"version-history":[{"count":4,"href":"https:\/\/www.mudanyagazeteciler.org\/index.php?rest_route=\/wp\/v2\/posts\/530\/revisions"}],"predecessor-version":[{"id":536,"href":"https:\/\/www.mudanyagazeteciler.org\/index.php?rest_route=\/wp\/v2\/posts\/530\/revisions\/536"}],"wp:attachment":[{"href":"https:\/\/www.mudanyagazeteciler.org\/index.php?rest_route=%2Fwp%2Fv2%2Fmedia&parent=530"}],"wp:term":[{"taxonomy":"category","embeddable":true,"href":"https:\/\/www.mudanyagazeteciler.org\/index.php?rest_route=%2Fwp%2Fv2%2Fcategories&post=530"},{"taxonomy":"post_tag","embeddable":true,"href":"https:\/\/www.mudanyagazeteciler.org\/index.php?rest_route=%2Fwp%2Fv2%2Ftags&post=530"}],"curies":[{"name":"wp","href":"https:\/\/api.w.org\/{rel}","templated":true}]}}