{"id":527,"date":"2018-09-29T12:50:24","date_gmt":"2018-09-29T09:50:24","guid":{"rendered":"http:\/\/www.mudanyagazeteciler.org\/?p=527"},"modified":"2018-09-30T12:54:32","modified_gmt":"2018-09-30T09:54:32","slug":"resmi-ilan-yonetmeliginde-degisiklik-yapildi","status":"publish","type":"post","link":"https:\/\/www.mudanyagazeteciler.org\/?p=527","title":{"rendered":"RESM\u0130 \u0130LAN Y\u00d6NETMEL\u0130\u011e\u0130NDE DE\u011e\u0130\u015e\u0130KL\u0130K YAPILDI"},"content":{"rendered":"<div>Resm\u00ee \u0130l\u00e2n ve Rekl\u00e2mlar ile Bunlar\u0131 Yay\u0131nlayacak S\u00fcreli Yay\u0131nlar Y\u00f6netmeli\u011finde De\u011fi\u015fiklik Yap\u0131lmas\u0131na Dair Y\u00f6netmelik, 28 Eyl\u00fcl 2018 tarihli Resmi Gazete&#8217;de yay\u0131mland\u0131.<\/div>\n<div>Buna g\u00f6re, gazetelerin her say\u0131s\u0131na ili\u015fkin sayfalar\u0131n\u0131n yay\u0131n yerinde dizilip tertiplenmi\u015f olmas\u0131 ve yine 15 Temmuz 1950 tarihli ve 5681 say\u0131l\u0131 Matbaalar Kanunu h\u00fck\u00fcmlerine uygun olarak faaliyet g\u00f6steren yay\u0131n yerindeki matbaalarda bas\u0131lmas\u0131 gerekiyor. Ancak g\u00fcnl\u00fck fiili sat\u0131\u015f\u0131 800 adedin \u00fczerindeki veya y\u00fcz \u00f6l\u00e7\u00fcm\u00fc 1,50 metrekarenin alt\u0131nda olmayan gazeteler bask\u0131 i\u015flemlerini, g\u00f6rev alanlar\u0131na g\u00f6re \u00f6nceden ilgili kuruma veya valili\u011fe yaz\u0131l\u0131 bildirimde bulunmas\u0131 kayd\u0131yla ayn\u0131 esaslar dahilinde yay\u0131n yerlerinin d\u0131\u015f\u0131nda da yapabilecek.<\/div>\n<div>Gazetelerin yay\u0131mlanan her say\u0131s\u0131na ait asgari y\u00fcz \u00f6l\u00e7\u00fcm\u00fc toplam\u0131 1,12 metrekareden, \u0130stanbul, Ankara ve \u0130zmir&#8217;de yay\u0131mlanan gazeteler de ise asgari y\u00fcz \u00f6l\u00e7\u00fcm\u00fc 1,50 metrekareden az olmayacak.<\/div>\n<div>\u00d6te yandan, gazetelerin yay\u0131n yerlerine g\u00f6re yay\u0131mlanan her say\u0131s\u0131na ili\u015fkin asgari fiili sat\u0131\u015f adetlerinin, \u0130stanbul&#8217;daki gazeteler i\u00e7in 4 bin, Ankara ve \u0130zmir&#8217;de yay\u0131mlanan gazeteler i\u00e7in 2 bin 400, di\u011fer \u015fubelerin bulundu\u011fu yerlerde yay\u0131mlanan gazeteler i\u00e7in ise 400 olmas\u0131 zorunlulu\u011fu getirildi.<\/div>\n<div>Gazetelerin yay\u0131mlanan her say\u0131s\u0131na ait, ayn\u0131 y\u00f6netmeli\u011fin 42&#8217;nci maddesi gere\u011fince belirlenen asgari y\u00fcz \u00f6l\u00e7\u00fcm\u00fc toplam\u0131 0,90 metrekareden az olmayacak. Gazetelerin yay\u0131n yerlerindeki son nokta-tali bayiler ve aboneler vas\u0131tas\u0131yla ger\u00e7ekle\u015ftirilen asgari fiili sat\u0131\u015f adedinin il merkezlerinde 200, il\u00e7elerde ise 80&#8217;den az olmamas\u0131 gerekiyor. Alt vas\u0131fl\u0131 gazetelerin y\u00fcz \u00f6l\u00e7\u00fcm\u00fcn\u00fcn ise 0,60 metrekareden az olamayaca\u011f\u0131 belirtildi.<\/div>\n<div><\/div>\n<div style=\"text-align: center;\"><strong>Bas\u0131n \u0130lan Kurumu Genel M\u00fcd\u00fcrl\u00fc\u011f\u00fcnden: <\/strong><\/div>\n<div style=\"text-align: center;\"><strong>RESM\u00ce \u0130L\u00c2N VE REKL\u00c2MLAR \u0130LE BUNLARI YAYINLAYACAK S\u00dcREL\u0130 YAYINLAR Y\u00d6NETMEL\u0130\u011e\u0130NDE DE\u011e\u0130\u015e\u0130KL\u0130K YAPILMASINA DA\u0130R Y\u00d6NETMEL\u0130K<\/strong><\/div>\n<div><strong>MADDE 1 \u2013<\/strong> 5\/10\/2016 tarihli ve 29848 say\u0131l\u0131 Resm\u00ee Gazete\u2019de yay\u0131mlanan Resm\u00ee \u0130l\u00e2n ve Rekl\u00e2mlar \u0130le Bunlar\u0131 Yay\u0131nlayacak S\u00fcreli Yay\u0131nlar Y\u00f6netmeli\u011finin 48 inci maddesinin be\u015finci f\u0131kras\u0131nda yer alan \u201cbin\u201d ibaresi \u201csekiz y\u00fcz\u201d, \u201c2,25\u201d ibaresi \u201c1,50\u201d \u015feklinde de\u011fi\u015ftirilmi\u015ftir.<\/div>\n<div><strong>MADDE 2 \u2013<\/strong> Ayn\u0131 Y\u00f6netmeli\u011fin 63 \u00fcnc\u00fc maddesinin birinci f\u0131kras\u0131nda yer alan \u201c1,50\u201d ibaresi \u201c1,12\u201d, ikinci f\u0131kras\u0131nda yer alan \u201c2,25\u201d ibaresi \u201c1,50\u201d \u015feklinde de\u011fi\u015ftirilmi\u015ftir.<\/div>\n<div><strong>MADDE 3 \u2013<\/strong> Ayn\u0131 Y\u00f6netmeli\u011fin 66 nc\u0131 maddesinin birinci f\u0131kras\u0131n\u0131n (a) bendinde yer alan \u201cbe\u015f bin\u201d ibaresi \u201cd\u00f6rt bin\u201d, (b) bendinde yer alan \u201c\u00fc\u00e7 bin\u201d ibaresi \u201ciki bin d\u00f6rt y\u00fcz\u201d, (c) bendinde yer alan \u201cbe\u015f y\u00fcz\u201d ibaresi \u201cd\u00f6rt y\u00fcz\u201d \u015feklinde de\u011fi\u015ftirilmi\u015ftir.<\/div>\n<div><strong>MADDE 4 \u2013<\/strong> Ayn\u0131 Y\u00f6netmeli\u011fin 76 nc\u0131 maddesinin birinci f\u0131kras\u0131nda yer alan \u201c1,12\u201d ibaresi \u201c0,90\u201d \u015feklinde de\u011fi\u015ftirilmi\u015ftir.<\/div>\n<div><strong>MADDE 5 \u2013<\/strong> Ayn\u0131 Y\u00f6netmeli\u011fin 79 uncu maddesinin birinci f\u0131kras\u0131nda yer alan \u201ciki y\u00fcz elliden\u201d ibaresi \u201ciki y\u00fcz\u201d, \u201cy\u00fczden\u201d ibaresi \u201cseksenden\u201d \u015feklinde de\u011fi\u015ftirilmi\u015ftir.<\/div>\n<div><strong>MADDE 6 \u2013<\/strong> Ayn\u0131 Y\u00f6netmeli\u011fin 84 \u00fcnc\u00fc maddesinin ikinci f\u0131kras\u0131nda yer alan \u201c0,75\u201d ibaresi \u201c0,60\u201d \u015feklinde de\u011fi\u015ftirilmi\u015ftir.<\/div>\n<div><strong>MADDE 7 \u2013<\/strong> Bu Y\u00f6netmelik yay\u0131m\u0131 tarihinde y\u00fcr\u00fcrl\u00fc\u011fe girer.<\/div>\n<div><strong>MADDE 8 \u2013<\/strong> Bu Y\u00f6netmelik h\u00fck\u00fcmlerini Bas\u0131n \u0130lan Kurumu Genel M\u00fcd\u00fcr\u00fc y\u00fcr\u00fct\u00fcr.<\/div>\n<div><\/div>\n<div>\n<div><a href=\"http:\/\/www.resmigazete.gov.tr\/eskiler\/2018\/09\/20180928-3.htm\" target=\"_blank\" rel=\"noopener\"><strong>Resm\u00ee \u0130l\u00e2n ve Rekl\u00e2mlar ile Bunlar\u0131 Yay\u0131nlayacak S\u00fcreli Yay\u0131nlar Y\u00f6netmeli\u011finde De\u011fi\u015fiklik Yap\u0131lmas\u0131na Dair Y\u00f6netmelik i\u00e7in TIKLAYINIZ.<\/strong><\/a><\/div>\n<\/div>\n","protected":false},"excerpt":{"rendered":"<p>Resm\u00ee \u0130l\u00e2n ve Rekl\u00e2mlar ile Bunlar\u0131 Yay\u0131nlayacak S\u00fcreli Yay\u0131nlar Y\u00f6netmeli\u011finde De\u011fi\u015fiklik Yap\u0131lmas\u0131na Dair Y\u00f6netmelik, 28 Eyl\u00fcl 2018 tarihli Resmi Gazete&#8217;de yay\u0131mland\u0131. Buna g\u00f6re, gazetelerin her say\u0131s\u0131na ili\u015fkin sayfalar\u0131n\u0131n yay\u0131n yerinde dizilip tertiplenmi\u015f olmas\u0131 ve yine 15 Temmuz 1950 tarihli ve 5681 say\u0131l\u0131 Matbaalar Kanunu h\u00fck\u00fcmlerine uygun olarak faaliyet g\u00f6steren yay\u0131n yerindeki matbaalarda bas\u0131lmas\u0131 gerekiyor. Ancak [&hellip;]<\/p>\n","protected":false},"author":1,"featured_media":0,"comment_status":"open","ping_status":"open","sticky":false,"template":"","format":"standard","meta":{"_jetpack_memberships_contains_paid_content":false,"footnotes":"","jetpack_publicize_message":"","jetpack_publicize_feature_enabled":true,"jetpack_social_post_already_shared":false,"jetpack_social_options":{"image_generator_settings":{"template":"highway","default_image_id":0,"font":"","enabled":false},"version":2}},"categories":[7,10],"tags":[18,20,22,23,21,19],"class_list":["post-527","post","type-post","status-publish","format-standard","hentry","category-duyuru","category-basvuru","tag-basin-ilan-kurumu","tag-degisiklik","tag-gazete-yuzolcumleri","tag-resmi-gazete","tag-resmi-ilan","tag-yonetmelik"],"jetpack_publicize_connections":[],"jetpack_featured_media_url":"","jetpack_sharing_enabled":true,"_links":{"self":[{"href":"https:\/\/www.mudanyagazeteciler.org\/index.php?rest_route=\/wp\/v2\/posts\/527","targetHints":{"allow":["GET"]}}],"collection":[{"href":"https:\/\/www.mudanyagazeteciler.org\/index.php?rest_route=\/wp\/v2\/posts"}],"about":[{"href":"https:\/\/www.mudanyagazeteciler.org\/index.php?rest_route=\/wp\/v2\/types\/post"}],"author":[{"embeddable":true,"href":"https:\/\/www.mudanyagazeteciler.org\/index.php?rest_route=\/wp\/v2\/users\/1"}],"replies":[{"embeddable":true,"href":"https:\/\/www.mudanyagazeteciler.org\/index.php?rest_route=%2Fwp%2Fv2%2Fcomments&post=527"}],"version-history":[{"count":1,"href":"https:\/\/www.mudanyagazeteciler.org\/index.php?rest_route=\/wp\/v2\/posts\/527\/revisions"}],"predecessor-version":[{"id":528,"href":"https:\/\/www.mudanyagazeteciler.org\/index.php?rest_route=\/wp\/v2\/posts\/527\/revisions\/528"}],"wp:attachment":[{"href":"https:\/\/www.mudanyagazeteciler.org\/index.php?rest_route=%2Fwp%2Fv2%2Fmedia&parent=527"}],"wp:term":[{"taxonomy":"category","embeddable":true,"href":"https:\/\/www.mudanyagazeteciler.org\/index.php?rest_route=%2Fwp%2Fv2%2Fcategories&post=527"},{"taxonomy":"post_tag","embeddable":true,"href":"https:\/\/www.mudanyagazeteciler.org\/index.php?rest_route=%2Fwp%2Fv2%2Ftags&post=527"}],"curies":[{"name":"wp","href":"https:\/\/api.w.org\/{rel}","templated":true}]}}