{"id":432,"date":"2015-03-24T15:02:07","date_gmt":"2015-03-24T13:02:07","guid":{"rendered":"http:\/\/www.mudanyagazeteciler.org\/?p=432"},"modified":"2015-05-02T15:02:41","modified_gmt":"2015-05-02T12:02:41","slug":"sofya-buyukelcisinden-sivil-topluma-ovgu","status":"publish","type":"post","link":"https:\/\/www.mudanyagazeteciler.org\/?p=432","title":{"rendered":"SOFYA B\u00dcY\u00dcKEL\u00c7\u0130S\u0130\u2019NDEN \u2018S\u0130V\u0130L TOPLUM\u2019A \u00d6VG\u00dc"},"content":{"rendered":"<p>Mudanya Gazeteciler Derne\u011fi (MGD)\u2019nin, Bulgar Gazeteciler Birli\u011fi (SBJ) ortakl\u0131\u011f\u0131nda Avrupa Birli\u011fi hibesiyle s\u00fcrd\u00fcrd\u00fc\u011f\u00fc \u201cSivil Toplum Diyalo\u011fu-Yerel Medyan\u0131n AB ile Uyumu\u201d projesini T.C. Sofya B\u00fcy\u00fckel\u00e7isi S\u00fcleyman G\u00f6k\u00e7e, \u2018\u00f6rnek bir \u00e7al\u0131\u015fma\u2019 olarak de\u011ferlendirdi.<\/p>\n<p>Proje ekibini Bulgaristan ziyaretinde a\u011f\u0131rlayan T.C. Sofya B\u00fcy\u00fckel\u00e7isi S\u00fcleyman G\u00f6k\u00e7e, Bursal\u0131 yerel gazetecilerin projesinin T\u00fcrkiye\u2019de de benzer sivil toplum ve bas\u0131n yay\u0131n kurulu\u015flar\u0131na emsal olu\u015fturmas\u0131 gerekti\u011fini s\u00f6yledi.<\/p>\n<p>Mudanya Gazeteciler Derne\u011fi Ba\u015fkan\u0131 Yavuz Ger\u00e7ek\u00e7i ile proje ekibinden Erdo\u011fan Pa\u00e7in, H\u00fcseyin T\u00fcrker, Yasemin Pa\u00e7in ve Do\u011fu\u015f T\u00fcrker\u2019in haz\u0131r bulundu\u011fu ziyarette, projenin belgesel \u00e7ekimlerine konuk olan Sofya B\u00fcy\u00fckel\u00e7isi S\u00fcleyman G\u00f6k\u00e7e, Avrupa Birli\u011fi\u2019nde 7. Y\u0131l\u0131n\u0131 dolduran Bulgaristan\u2019\u0131n, \u00fcyelik \u00f6ncesi ve sonras\u0131na ili\u015fkin de\u011ferlendirmelerde bulundu.<\/p>\n<p>Bulgaristan\u2019\u0131n Romanya ile birlikte AB\u2019ye son d\u00f6nemde \u00fcye olmu\u015f iki \u00fclkeden biri oldu\u011funu an\u0131msatan G\u00f6k\u00e7e, AB\u2019ye uyum bak\u0131m\u0131ndan uygulamalara y\u00f6nelik reformlar\u0131n ger\u00e7ekle\u015fti\u011fini, geli\u015fmelerin ise s\u00fcrd\u00fc\u011f\u00fcn\u00fc s\u00f6yledi. T\u00fcm s\u00fcrecin hen\u00fcz tamamlanmad\u0131\u011f\u0131n\u0131 kaydeden G\u00f6k\u00e7e, yarg\u0131, adalet, hukuk, demokrasi alan\u0131nda temel yasalar\u0131n uygulanmas\u0131 bak\u0131m\u0131ndan belirli reformlar\u0131n nas\u0131l i\u015fledi\u011fine y\u00f6nelik g\u00f6zden ge\u00e7irmelerin devam etti\u011fini belirtti. S\u00fcre\u00e7le ilgili Bulgaristan\u2019\u0131n da \u00f6nemli \u00e7al\u0131\u015fmalar yapt\u0131\u011f\u0131n\u0131 ifade eden G\u00f6k\u00e7e, \u201cBulgaristan, AB \u00fcyeli\u011finin beraberinde getirdi\u011fi imk\u00e2nlardan istifade ederek \u00f6nemli katk\u0131lar yaparak yat\u0131r\u0131mlar\u0131n\u0131 2 milyar Euro\u2019ya, ticaret hacmini de 5 milyar Euro\u2019ya \u00e7\u0131kard\u0131. Olaya T\u00fcrkiye a\u00e7\u0131s\u0131ndan bakt\u0131\u011f\u0131m\u0131zda t\u00fcm kom\u015fular\u0131m\u0131z\u0131n AB ve NATO i\u00e7inde ba\u015far\u0131l\u0131 s\u00fcre\u00e7lerini tamamlamalar\u0131n\u0131 diliyor, Bulgaristan\u2019\u0131n ba\u015far\u0131l\u0131 olmas\u0131n\u0131 arzu ediyoruz\u201d dedi.<\/p>\n<p>Bu arada AB\u2019nin Bulgaristan medyas\u0131na olumlu etki ve katk\u0131lar\u0131 da oldu\u011funu kaydeden T.C.\u00a0 Sofya B\u00fcy\u00fckel\u00e7isi S\u00fcleyman G\u00f6k\u00e7e, bas\u0131n uygulamalar\u0131, haklar\u0131, gazetecilerin h\u00fcrriyetleri ve bas\u0131n \u00f6zg\u00fcrl\u00fc\u011f\u00fc konular\u0131nda ya\u015fam\u0131n her alan\u0131nda ilerlemenin oldu\u011funu belirtirken, bu olumlu havan\u0131n yeterli olup olmad\u0131\u011f\u0131n\u0131n ise tart\u0131\u015fmaya a\u00e7\u0131k oldu\u011funu kaydetti.<\/p>\n","protected":false},"excerpt":{"rendered":"<p>Mudanya Gazeteciler Derne\u011fi (MGD)\u2019nin, Bulgar Gazeteciler Birli\u011fi (SBJ) ortakl\u0131\u011f\u0131nda Avrupa Birli\u011fi hibesiyle s\u00fcrd\u00fcrd\u00fc\u011f\u00fc \u201cSivil Toplum Diyalo\u011fu-Yerel Medyan\u0131n AB ile Uyumu\u201d projesini T.C. Sofya B\u00fcy\u00fckel\u00e7isi S\u00fcleyman G\u00f6k\u00e7e, \u2018\u00f6rnek bir \u00e7al\u0131\u015fma\u2019 olarak de\u011ferlendirdi. Proje ekibini Bulgaristan ziyaretinde a\u011f\u0131rlayan T.C. Sofya B\u00fcy\u00fckel\u00e7isi S\u00fcleyman G\u00f6k\u00e7e, Bursal\u0131 yerel gazetecilerin projesinin T\u00fcrkiye\u2019de de benzer sivil toplum ve bas\u0131n yay\u0131n kurulu\u015flar\u0131na emsal [&hellip;]<\/p>\n","protected":false},"author":1,"featured_media":0,"comment_status":"open","ping_status":"open","sticky":false,"template":"","format":"standard","meta":{"_jetpack_memberships_contains_paid_content":false,"footnotes":"","jetpack_publicize_message":"","jetpack_publicize_feature_enabled":true,"jetpack_social_post_already_shared":false,"jetpack_social_options":{"image_generator_settings":{"template":"highway","default_image_id":0,"font":"","enabled":false},"version":2}},"categories":[13,12],"tags":[],"class_list":["post-432","post","type-post","status-publish","format-standard","hentry","category-ab-projesi","category-bizden"],"jetpack_publicize_connections":[],"jetpack_featured_media_url":"","jetpack_sharing_enabled":true,"_links":{"self":[{"href":"https:\/\/www.mudanyagazeteciler.org\/index.php?rest_route=\/wp\/v2\/posts\/432","targetHints":{"allow":["GET"]}}],"collection":[{"href":"https:\/\/www.mudanyagazeteciler.org\/index.php?rest_route=\/wp\/v2\/posts"}],"about":[{"href":"https:\/\/www.mudanyagazeteciler.org\/index.php?rest_route=\/wp\/v2\/types\/post"}],"author":[{"embeddable":true,"href":"https:\/\/www.mudanyagazeteciler.org\/index.php?rest_route=\/wp\/v2\/users\/1"}],"replies":[{"embeddable":true,"href":"https:\/\/www.mudanyagazeteciler.org\/index.php?rest_route=%2Fwp%2Fv2%2Fcomments&post=432"}],"version-history":[{"count":1,"href":"https:\/\/www.mudanyagazeteciler.org\/index.php?rest_route=\/wp\/v2\/posts\/432\/revisions"}],"predecessor-version":[{"id":433,"href":"https:\/\/www.mudanyagazeteciler.org\/index.php?rest_route=\/wp\/v2\/posts\/432\/revisions\/433"}],"wp:attachment":[{"href":"https:\/\/www.mudanyagazeteciler.org\/index.php?rest_route=%2Fwp%2Fv2%2Fmedia&parent=432"}],"wp:term":[{"taxonomy":"category","embeddable":true,"href":"https:\/\/www.mudanyagazeteciler.org\/index.php?rest_route=%2Fwp%2Fv2%2Fcategories&post=432"},{"taxonomy":"post_tag","embeddable":true,"href":"https:\/\/www.mudanyagazeteciler.org\/index.php?rest_route=%2Fwp%2Fv2%2Ftags&post=432"}],"curies":[{"name":"wp","href":"https:\/\/api.w.org\/{rel}","templated":true}]}}