{"id":430,"date":"2015-03-03T15:01:22","date_gmt":"2015-03-03T13:01:22","guid":{"rendered":"http:\/\/www.mudanyagazeteciler.org\/?p=430"},"modified":"2015-05-02T15:01:47","modified_gmt":"2015-05-02T12:01:47","slug":"yerel-gazeteciler-bulgaristani-konusturuyor","status":"publish","type":"post","link":"https:\/\/www.mudanyagazeteciler.org\/?p=430","title":{"rendered":"YEREL GAZETEC\u0130LER BULGAR\u0130STAN\u2019I KONU\u015eTURUYOR"},"content":{"rendered":"<p><b>Mudanya Gazeteciler Derne\u011fi\u2019nin Bulgar Gazeteciler Birli\u011fi ile ortakla\u015fa s\u00fcrd\u00fcrd\u00fc\u011f\u00fc Sivil Toplum Diyalogu-Yerel Medyan\u0131n AB ile Uyumu projesinde belgesel \u00e7ekimleri devam ediyor.<\/b><\/p>\n<p>Avrupa Birli\u011fi ve T\u00fcrkiye Aras\u0131ndaki Sivil Toplum Diyalogu Program\u0131 kapsam\u0131nda y\u00fcr\u00fct\u00fclen \u201cYerel Medyan\u0131n AB ile Uyumu\u201d projesi i\u00e7in, ge\u00e7ti\u011fimiz Ocak ay\u0131nda Bulgaristan\u2019\u0131n ba\u015fkenti Sofya\u2019ya 45 ki\u015filik bir grupla giden Mudanya Gazeteciler Derne\u011fi (MGD), kom\u015fu \u00fclkede belgesel \u00e7ekimlerini s\u00fcrd\u00fcr\u00fcyor.<\/p>\n<p>2007 y\u0131l\u0131nda AB \u00fcyesi olan Bulgaristan\u2019\u0131n \u00fcyelik \u00f6ncesi ve sonras\u0131ndaki de\u011fi\u015fimini yans\u0131tacak belgesel \u00e7ekimlerinin, Nisan ay\u0131na kadar yap\u0131lacak ziyaretlerle devam edece\u011fini belirten MGD Ba\u015fkan\u0131 Yavuz Ger\u00e7ek\u00e7i, belgeselde, AB \u00fcyeli\u011finin vatanda\u015flara olan etkisini Bulgaristan\u2019daki gazete man\u015fetlerinden yola \u00e7\u0131karak yans\u0131tmaya \u00e7al\u0131\u015facaklar\u0131n\u0131 s\u00f6yledi.<\/p>\n<p><b>AB \u00dcYEL\u0130\u011e\u0130, BULGAR MEDYASI \u0130\u00c7\u0130N YEN\u0130 B\u0130R S\u00dcRE\u00c7<\/b><\/p>\n<p>Proje faaliyetleri kapsam\u0131nda gittikleri iki ayr\u0131 ziyarette Sofya\u2019da yay\u0131nlanan \u015fehir (Standart) ve ekonomi (Kapital) gazetelerini de inceleme imk\u00e2n\u0131 bulduklar\u0131n\u0131 belirten Ger\u00e7ek\u00e7i, yay\u0131n y\u00f6netmenleriyle yapt\u0131klar\u0131 g\u00f6r\u00fc\u015fmelerde, Bulgaristan\u2019\u0131n AB\u2019ye \u00fcye olmas\u0131n\u0131n Bulgar meslekta\u015flar\u0131 taraf\u0131ndan yepyeni bir s\u00fcre\u00e7 olarak de\u011ferlendirildi\u011fini s\u00f6yledi. Oradaki meslekta\u015flar\u0131n\u0131n \u201c\u015eimdiye kadar AB gibi bu denli \u00f6nemli ekonomik ve siyasi birli\u011fe neden \u00fcye olmam\u0131\u015f\u0131z\u201d sorusuna yan\u0131t arad\u0131klar\u0131n\u0131 anlatan Ger\u00e7ek\u00e7i, Bulgaristan ve Bulgar medyalar\u0131n\u0131n halen AB\u2019deki yerlerini bulmaya \u00e7al\u0131\u015ft\u0131klar\u0131n\u0131 belirtti.<\/p>\n<p>Bu arada \u00e7ekimleri devam eden belgeselde T\u00fcrkiye ve Bulgaristan\u2019daki gazetecilerin yan\u0131 s\u0131ra b\u00fcrokratlar, sivil toplum temsilcileri ve vatanda\u015flar\u0131n da g\u00f6r\u00fc\u015flerini yans\u0131tacaklar\u0131n\u0131 s\u00f6yleyen Proje Koordinat\u00f6r\u00fc H\u00fcseyin T\u00fcrker ise, Mart ay\u0131 i\u00e7erisinde yapacaklar\u0131 ziyaretlerde de, AB \u00f6ncesi ve sonras\u0131ndaki de\u011fi\u015fimin sosyal ya\u015fama yans\u0131malar\u0131n\u0131 konu alacaklar\u0131n\u0131 kaydetti.<\/p>\n","protected":false},"excerpt":{"rendered":"<p>Mudanya Gazeteciler Derne\u011fi\u2019nin Bulgar Gazeteciler Birli\u011fi ile ortakla\u015fa s\u00fcrd\u00fcrd\u00fc\u011f\u00fc Sivil Toplum Diyalogu-Yerel Medyan\u0131n AB ile Uyumu projesinde belgesel \u00e7ekimleri devam ediyor. Avrupa Birli\u011fi ve T\u00fcrkiye Aras\u0131ndaki Sivil Toplum Diyalogu Program\u0131 kapsam\u0131nda y\u00fcr\u00fct\u00fclen \u201cYerel Medyan\u0131n AB ile Uyumu\u201d projesi i\u00e7in, ge\u00e7ti\u011fimiz Ocak ay\u0131nda Bulgaristan\u2019\u0131n ba\u015fkenti Sofya\u2019ya 45 ki\u015filik bir grupla giden Mudanya Gazeteciler Derne\u011fi (MGD), kom\u015fu [&hellip;]<\/p>\n","protected":false},"author":1,"featured_media":0,"comment_status":"open","ping_status":"open","sticky":false,"template":"","format":"standard","meta":{"_jetpack_memberships_contains_paid_content":false,"footnotes":"","jetpack_publicize_message":"","jetpack_publicize_feature_enabled":true,"jetpack_social_post_already_shared":false,"jetpack_social_options":{"image_generator_settings":{"template":"highway","default_image_id":0,"font":"","enabled":false},"version":2}},"categories":[13],"tags":[],"class_list":["post-430","post","type-post","status-publish","format-standard","hentry","category-ab-projesi"],"jetpack_publicize_connections":[],"jetpack_featured_media_url":"","jetpack_sharing_enabled":true,"_links":{"self":[{"href":"https:\/\/www.mudanyagazeteciler.org\/index.php?rest_route=\/wp\/v2\/posts\/430","targetHints":{"allow":["GET"]}}],"collection":[{"href":"https:\/\/www.mudanyagazeteciler.org\/index.php?rest_route=\/wp\/v2\/posts"}],"about":[{"href":"https:\/\/www.mudanyagazeteciler.org\/index.php?rest_route=\/wp\/v2\/types\/post"}],"author":[{"embeddable":true,"href":"https:\/\/www.mudanyagazeteciler.org\/index.php?rest_route=\/wp\/v2\/users\/1"}],"replies":[{"embeddable":true,"href":"https:\/\/www.mudanyagazeteciler.org\/index.php?rest_route=%2Fwp%2Fv2%2Fcomments&post=430"}],"version-history":[{"count":1,"href":"https:\/\/www.mudanyagazeteciler.org\/index.php?rest_route=\/wp\/v2\/posts\/430\/revisions"}],"predecessor-version":[{"id":431,"href":"https:\/\/www.mudanyagazeteciler.org\/index.php?rest_route=\/wp\/v2\/posts\/430\/revisions\/431"}],"wp:attachment":[{"href":"https:\/\/www.mudanyagazeteciler.org\/index.php?rest_route=%2Fwp%2Fv2%2Fmedia&parent=430"}],"wp:term":[{"taxonomy":"category","embeddable":true,"href":"https:\/\/www.mudanyagazeteciler.org\/index.php?rest_route=%2Fwp%2Fv2%2Fcategories&post=430"},{"taxonomy":"post_tag","embeddable":true,"href":"https:\/\/www.mudanyagazeteciler.org\/index.php?rest_route=%2Fwp%2Fv2%2Ftags&post=430"}],"curies":[{"name":"wp","href":"https:\/\/api.w.org\/{rel}","templated":true}]}}