{"id":268,"date":"2011-01-20T17:53:06","date_gmt":"2011-01-20T15:53:06","guid":{"rendered":"http:\/\/www.mudanyagazeteciler.org\/?p=268"},"modified":"2011-01-20T17:54:13","modified_gmt":"2011-01-20T15:54:13","slug":"sozlu-tarih-projesinin-21-ocakta-sunumu-gerceklesecektir","status":"publish","type":"post","link":"https:\/\/www.mudanyagazeteciler.org\/?p=268","title":{"rendered":"S\u00d6ZL\u00dc TAR\u0130H PROJES\u0130N\u0130N 21 OCAK&#8217;TA SUNUMU GER\u00c7EKLE\u015eECEKT\u0130R"},"content":{"rendered":"<p>De\u011ferli meslekta\u015f\u0131m\u0131z,<\/p>\n<p>Mudanya Kent Konseyi&#8217;nin\u00a0 Genel Kurul Toplant\u0131s\u0131 21 Ocak 2011 CUMA g\u00fcn\u00fc saat 13.00&#8217;te Mudanya Belediyesi Meclis Salonu&#8217;nda yap\u0131lacakt\u0131r.<\/p>\n<p>Genel kurulda, Mudanya Gazeteciler Derne\u011fi (MGD) ile Kent Konseyi i\u015fbirli\u011finde hayata ge\u00e7irilmesi planlanan &#8220;POYRAZ&#8217;IN 100 CANLI TANI\u011eI ARANIYOR&#8221; adl\u0131 s\u00f6zl\u00fc tarih projesinin sunumu da\u00a0ger\u00e7ekle\u015fecektir.<\/p>\n<p>Bilgilerinize sunar, toplant\u0131ya kat\u0131l\u0131m\u0131n\u0131z\u0131 bekleriz.<\/p>\n<p>Sayg\u0131lar\u0131m\u0131zla<\/p>\n<p>MUDANYA GAZETEC\u0130LER DERNE\u011e\u0130<br \/>\nY\u00d6NET\u0130M KURULU<\/p>\n","protected":false},"excerpt":{"rendered":"<p>De\u011ferli meslekta\u015f\u0131m\u0131z, Mudanya Kent Konseyi&#8217;nin\u00a0 Genel Kurul Toplant\u0131s\u0131 21 Ocak 2011 CUMA g\u00fcn\u00fc saat 13.00&#8217;te Mudanya Belediyesi Meclis Salonu&#8217;nda yap\u0131lacakt\u0131r. Genel kurulda, Mudanya Gazeteciler Derne\u011fi (MGD) ile Kent Konseyi i\u015fbirli\u011finde hayata ge\u00e7irilmesi planlanan &#8220;POYRAZ&#8217;IN 100 CANLI TANI\u011eI ARANIYOR&#8221; adl\u0131 s\u00f6zl\u00fc tarih projesinin sunumu da\u00a0ger\u00e7ekle\u015fecektir. Bilgilerinize sunar, toplant\u0131ya kat\u0131l\u0131m\u0131n\u0131z\u0131 bekleriz. Sayg\u0131lar\u0131m\u0131zla MUDANYA GAZETEC\u0130LER DERNE\u011e\u0130 Y\u00d6NET\u0130M KURULU<\/p>\n","protected":false},"author":1,"featured_media":0,"comment_status":"open","ping_status":"open","sticky":false,"template":"","format":"standard","meta":{"_jetpack_memberships_contains_paid_content":false,"footnotes":"","jetpack_publicize_message":"","jetpack_publicize_feature_enabled":true,"jetpack_social_post_already_shared":false,"jetpack_social_options":{"image_generator_settings":{"template":"highway","default_image_id":0,"font":"","enabled":false},"version":2}},"categories":[7],"tags":[],"class_list":["post-268","post","type-post","status-publish","format-standard","hentry","category-duyuru"],"jetpack_publicize_connections":[],"jetpack_featured_media_url":"","jetpack_sharing_enabled":true,"_links":{"self":[{"href":"https:\/\/www.mudanyagazeteciler.org\/index.php?rest_route=\/wp\/v2\/posts\/268","targetHints":{"allow":["GET"]}}],"collection":[{"href":"https:\/\/www.mudanyagazeteciler.org\/index.php?rest_route=\/wp\/v2\/posts"}],"about":[{"href":"https:\/\/www.mudanyagazeteciler.org\/index.php?rest_route=\/wp\/v2\/types\/post"}],"author":[{"embeddable":true,"href":"https:\/\/www.mudanyagazeteciler.org\/index.php?rest_route=\/wp\/v2\/users\/1"}],"replies":[{"embeddable":true,"href":"https:\/\/www.mudanyagazeteciler.org\/index.php?rest_route=%2Fwp%2Fv2%2Fcomments&post=268"}],"version-history":[{"count":3,"href":"https:\/\/www.mudanyagazeteciler.org\/index.php?rest_route=\/wp\/v2\/posts\/268\/revisions"}],"predecessor-version":[{"id":271,"href":"https:\/\/www.mudanyagazeteciler.org\/index.php?rest_route=\/wp\/v2\/posts\/268\/revisions\/271"}],"wp:attachment":[{"href":"https:\/\/www.mudanyagazeteciler.org\/index.php?rest_route=%2Fwp%2Fv2%2Fmedia&parent=268"}],"wp:term":[{"taxonomy":"category","embeddable":true,"href":"https:\/\/www.mudanyagazeteciler.org\/index.php?rest_route=%2Fwp%2Fv2%2Fcategories&post=268"},{"taxonomy":"post_tag","embeddable":true,"href":"https:\/\/www.mudanyagazeteciler.org\/index.php?rest_route=%2Fwp%2Fv2%2Ftags&post=268"}],"curies":[{"name":"wp","href":"https:\/\/api.w.org\/{rel}","templated":true}]}}