{"id":226,"date":"2010-12-13T08:10:15","date_gmt":"2010-12-13T08:10:15","guid":{"rendered":"http:\/\/www.mudanyagazeteciler.org\/?p=226"},"modified":"2010-12-13T08:12:09","modified_gmt":"2010-12-13T08:12:09","slug":"basmuzakereci-bagis-diyalog-toplantisinda-mgd%e2%80%99yi-dinledi","status":"publish","type":"post","link":"https:\/\/www.mudanyagazeteciler.org\/?p=226","title":{"rendered":"BA\u015eM\u00dcZAKEREC\u0130 EGEMEN BA\u011eI\u015e, D\u0130YALOG TOPLANTISINDA MGD\u2019Y\u0130 D\u0130NLED\u0130"},"content":{"rendered":"<p><strong><a class=\"highslide\" onclick=\"return vz.expand(this)\" href=\"http:\/\/www.mudanyagazeteciler.org\/wp-content\/uploads\/2010\/12\/mgd-ab-toplanti2.jpg\"><img loading=\"lazy\" decoding=\"async\" class=\"size-full wp-image-227 alignleft\" title=\"mgd-ab-toplanti2\" src=\"http:\/\/www.mudanyagazeteciler.org\/wp-content\/uploads\/2010\/12\/mgd-ab-toplanti2.jpg\" alt=\"\" width=\"379\" height=\"226\" \/><\/a>Devlet Bakan\u0131 ve Ba\u015fm\u00fczakereci Egemen Ba\u011f\u0131\u015f\u2019\u0131n ev sahipli\u011finde ger\u00e7ekle\u015ftirilen Sivil Toplumla Diyalog Toplant\u0131s\u0131\u2019na Mudanya Gazeteciler Derne\u011fi (MGD)\u2019ni temsilen Kemal Cankaya kat\u0131ld\u0131. <\/strong><\/p>\n<p>Avrupa Birli\u011fi Genel Sekreterli\u011fi\u2019nin (ABGS) kurulu\u015funun 10. y\u0131ld\u00f6n\u00fcm\u00fc dolay\u0131s\u0131yla d\u00fczenlenen \u201c4. Sivil Toplumla Diyalog Toplant\u0131s\u0131\u201d \u0130stanbul Cevahir Kongre Merkezi\u2019nde yap\u0131ld\u0131. Devlet Bakan\u0131 ve Ba\u015fm\u00fczakereci Egemen Ba\u011f\u0131\u015f ve AB Genel Sekreteri B\u00fcy\u00fckel\u00e7i Volkan Bozk\u0131r\u2019\u0131n ev sahipli\u011findeki g\u00fcn\u00fcbirlik toplant\u0131ya, aralar\u0131nda Mudanya Gazeteciler Derne\u011fi\u2019nin de bulundu\u011fu 350 farkl\u0131 sivil toplum kurulu\u015fundan temsilciler kat\u0131ld\u0131.<\/p>\n<p>\u201cAvrupa Birli\u011fi Fonlar\u0131 ve Sivil Toplum Kurulu\u015flar\u0131\u201d, \u201cBelediyeler ve Avrupa Birli\u011fi\u201d, \u201cVize: Sivil Toplum Diyalogu \u00d6n\u00fcnde Engel\u201d ve \u201cGen\u00e7lik ve AB S\u00fcrecimiz\u201d konular\u0131nda ger\u00e7ekle\u015fen \u00e7al\u0131\u015fma grubu toplant\u0131lar\u0131nda, Avrupa Birli\u011fi \u00fcyelik s\u00fcreci ile ilgili t\u00fcm payda\u015flar bilgilendirilerek, i\u015fbirli\u011finin \u00f6nemine dikkati \u00e7ekildi.<\/p>\n<p><strong>BELED\u0130YELER AB\u2019YE HAZIRLANACAK<\/strong><\/p>\n<p>Toplant\u0131n\u0131n a\u00e7\u0131l\u0131\u015f\u0131nda konu\u015fan Devlet Bakan\u0131 ve Ba\u015fm\u00fczakereci Egemen Ba\u011f\u0131\u015f, \u0130stanbul&#8217;un 3 ayr\u0131 imparatorlu\u011fa ba\u015fkentlik yapt\u0131\u011f\u0131n\u0131, bu y\u0131l ise Avrupa Ba\u015fkenti oldu\u011funu belirterek, \u0130stanbul\u2019un 2012 y\u0131l\u0131nda ise spor konusunda ba\u015fkentlik yapaca\u011f\u0131n\u0131 s\u00f6yledi. T\u00fcrkiye Belediyeler Birli\u011fi ve \u0130stanbul B\u00fcy\u00fck\u015fehir Belediye Ba\u015fkan\u0131 Kadir Topba\u015f ile \u201cBelediyeler AB&#8217;ye Haz\u0131rlan\u0131yor Projesi\u201dne ili\u015fkin protokol\u00fcn de imzaland\u0131\u011f\u0131 toplant\u0131da, ilk a\u015famada, T\u00fcrkiye&#8217;nin 8 b\u00f6lgesinde 8 ayr\u0131 toplant\u0131 yapacaklar\u0131n\u0131 belirten Ba\u011f\u0131\u015f, b\u00fct\u00fcn belediyeleri bilgilendirecek yeni yay\u0131nlar haz\u0131rlayacaklar\u0131n\u0131 aktard\u0131. Ba\u011f\u0131\u015f, <a class=\"highslide\" onclick=\"return vz.expand(this)\" href=\"http:\/\/www.mudanyagazeteciler.org\/wp-content\/uploads\/2010\/12\/mgd-ab-kemal.jpg\"><img loading=\"lazy\" decoding=\"async\" class=\"alignleft size-full wp-image-228\" title=\"mgd-ab-kemal\" src=\"http:\/\/www.mudanyagazeteciler.org\/wp-content\/uploads\/2010\/12\/mgd-ab-kemal.jpg\" alt=\"\" width=\"328\" height=\"224\" \/><\/a>\u201cAvrupa\u2019daki T\u00fcrkiye alg\u0131s\u0131 ile T\u00fcrkiye\u2019deki AB alg\u0131s\u0131 birbirine ne kadar \u00e7ok yak\u0131nla\u015f\u0131rsa, T\u00fcrkiye\u2019nin AB \u00fcyeli\u011fi de o kadar kolayla\u015facakt\u0131r\u201d dedi.<\/p>\n<p><strong>YEREL BASININ SORUNLARINI D\u0130NLED\u0130<\/strong><\/p>\n<p>\u00d6te yandan MGD\u2019yi temsilen toplant\u0131ya kat\u0131lan Kemal Cankaya ise Devlet Bakan\u0131 Egemen Ba\u011f\u0131\u015f ile yerel bas\u0131n\u0131n i\u00e7inde ya\u015fad\u0131\u011f\u0131 sorunlar\u0131 anlatarak, AB \u00fcyeli\u011fi s\u00fcrecinde bu s\u0131k\u0131nt\u0131lar\u0131n da a\u015f\u0131laca\u011f\u0131 y\u00f6n\u00fcnde \u00f6nemli ad\u0131mlar at\u0131laca\u011f\u0131na inanc\u0131n\u0131n tam oldu\u011funu s\u00f6yledi. Cankaya, sivil toplum kurulu\u015flar\u0131n\u0131n maddi yard\u0131m olanaklar\u0131na ula\u015fabilmesi i\u00e7in somut projeler geli\u015ftirilmesi y\u00f6n\u00fcnde ABGS\u2019nin sivil toplum \u00f6rg\u00fctlerine daha fazla destek sa\u011flamas\u0131n\u0131n yararl\u0131 olaca\u011f\u0131n\u0131 kaydetti. <strong>(MGD)<\/strong><\/p>\n<p><strong>Toplant\u0131n\u0131n Sonu\u00e7 Bildirgesine ula\u015fmak i\u00e7in l\u00fctfen <\/strong><a title=\"ABGS Sivil Toplumla Diyalog Toplant\u0131s\u0131 Sonu\u00e7 Bildirgesi\" href=\"http:\/\/www.abgs.gov.tr\/files\/Bas%C4%B1nMusavirlik\/haberler\/stk_sonuc_bildirge.pdf\" target=\"_blank\"><strong>t\u0131klay\u0131n\u0131z.<\/strong><\/a><\/p>\n","protected":false},"excerpt":{"rendered":"<p>Devlet Bakan\u0131 ve Ba\u015fm\u00fczakereci Egemen Ba\u011f\u0131\u015f\u2019\u0131n ev sahipli\u011finde ger\u00e7ekle\u015ftirilen Sivil Toplumla Diyalog Toplant\u0131s\u0131\u2019na Mudanya Gazeteciler Derne\u011fi (MGD)\u2019ni temsilen Kemal Cankaya kat\u0131ld\u0131. Avrupa Birli\u011fi Genel Sekreterli\u011fi\u2019nin (ABGS) kurulu\u015funun 10. y\u0131ld\u00f6n\u00fcm\u00fc dolay\u0131s\u0131yla d\u00fczenlenen \u201c4. Sivil Toplumla Diyalog Toplant\u0131s\u0131\u201d \u0130stanbul Cevahir Kongre Merkezi\u2019nde yap\u0131ld\u0131. Devlet Bakan\u0131 ve Ba\u015fm\u00fczakereci Egemen Ba\u011f\u0131\u015f ve AB Genel Sekreteri B\u00fcy\u00fckel\u00e7i Volkan Bozk\u0131r\u2019\u0131n ev [&hellip;]<\/p>\n","protected":false},"author":1,"featured_media":0,"comment_status":"open","ping_status":"open","sticky":false,"template":"","format":"standard","meta":{"_jetpack_memberships_contains_paid_content":false,"footnotes":"","jetpack_publicize_message":"","jetpack_publicize_feature_enabled":true,"jetpack_social_post_already_shared":false,"jetpack_social_options":{"image_generator_settings":{"template":"highway","default_image_id":0,"font":"","enabled":false},"version":2}},"categories":[12],"tags":[],"class_list":["post-226","post","type-post","status-publish","format-standard","hentry","category-bizden"],"jetpack_publicize_connections":[],"jetpack_featured_media_url":"","jetpack_sharing_enabled":true,"_links":{"self":[{"href":"https:\/\/www.mudanyagazeteciler.org\/index.php?rest_route=\/wp\/v2\/posts\/226","targetHints":{"allow":["GET"]}}],"collection":[{"href":"https:\/\/www.mudanyagazeteciler.org\/index.php?rest_route=\/wp\/v2\/posts"}],"about":[{"href":"https:\/\/www.mudanyagazeteciler.org\/index.php?rest_route=\/wp\/v2\/types\/post"}],"author":[{"embeddable":true,"href":"https:\/\/www.mudanyagazeteciler.org\/index.php?rest_route=\/wp\/v2\/users\/1"}],"replies":[{"embeddable":true,"href":"https:\/\/www.mudanyagazeteciler.org\/index.php?rest_route=%2Fwp%2Fv2%2Fcomments&post=226"}],"version-history":[{"count":5,"href":"https:\/\/www.mudanyagazeteciler.org\/index.php?rest_route=\/wp\/v2\/posts\/226\/revisions"}],"predecessor-version":[{"id":233,"href":"https:\/\/www.mudanyagazeteciler.org\/index.php?rest_route=\/wp\/v2\/posts\/226\/revisions\/233"}],"wp:attachment":[{"href":"https:\/\/www.mudanyagazeteciler.org\/index.php?rest_route=%2Fwp%2Fv2%2Fmedia&parent=226"}],"wp:term":[{"taxonomy":"category","embeddable":true,"href":"https:\/\/www.mudanyagazeteciler.org\/index.php?rest_route=%2Fwp%2Fv2%2Fcategories&post=226"},{"taxonomy":"post_tag","embeddable":true,"href":"https:\/\/www.mudanyagazeteciler.org\/index.php?rest_route=%2Fwp%2Fv2%2Ftags&post=226"}],"curies":[{"name":"wp","href":"https:\/\/api.w.org\/{rel}","templated":true}]}}